{"id":4022,"date":"2019-05-28T07:55:55","date_gmt":"2019-05-28T05:55:55","guid":{"rendered":"https:\/\/dysten.pl\/aktualnosci\/smart-city-expo-2019\/"},"modified":"2023-09-20T10:24:28","modified_gmt":"2023-09-20T08:24:28","slug":"smart-city-expo-2019","status":"publish","type":"post","link":"https:\/\/dysten.pl\/en\/aktualnosci\/smart-city-expo-2019\/","title":{"rendered":"SMART CITY EXPO 2019"},"content":{"rendered":"\n<figure class=\"wp-block-image\"><img decoding=\"async\" src=\"https:\/\/dysten.pl\/wp-content\/uploads\/2023\/07\/smart-city-expo-dysten-1024x421-1.jpg\" alt=\"smart city expo dysten\" class=\"wp-image-4968\"\/><\/figure>\n\n\n\n<p>Smart City Expo Poland is the first trade fair event in Poland devoted entirely to the topic of smart cities. We invite you to our trade fair stand, where we will present, among others: e-paper passenger information as an element of #SmartCity.<br>The e-paper timetable is a modern product used to create a better-managed, more ecological and resident-friendly city. This not only saves energy and money by being able to power the device with solar energy, but also saves time &#8211; updating\/changing the timetable remotely in all locations. You buy and install e-paper passenger information without any complicated designs or construction works.<\/p>\n\n\n\n<p>The fair of modern technologies for cities &#8211; Smart City Expo will be held on June 11-12, 2019 at the \u0141\u00f3d\u017a Expo.<\/p>\n\n\n<div class=\"wp-block-image\">\n<figure class=\"aligncenter\"><img decoding=\"async\" src=\"https:\/\/dysten.pl\/wp-content\/uploads\/2023\/07\/320x50.png\" alt=\"\" class=\"wp-image-4969\"\/><\/figure>\n<\/div>","protected":false},"excerpt":{"rendered":"<p>Smart City Expo Poland is the first trade fair event in Poland devoted entirely to the topic of smart cities. We invite&hellip;<\/p>\n","protected":false},"author":1,"featured_media":2460,"comment_status":"closed","ping_status":"closed","sticky":false,"template":"","format":"standard","meta":{"_acf_changed":false,"content-type":"","footnotes":""},"categories":[1,52],"tags":[],"class_list":["post-4022","post","type-post","status-publish","format-standard","has-post-thumbnail","hentry","category-news","category-transport-en"],"acf":[],"yoast_head":"<!-- This site is optimized with the Yoast SEO plugin v23.5 - https:\/\/yoast.com\/wordpress\/plugins\/seo\/ -->\n<title>Smart City Expo 2019<\/title>\n<meta name=\"description\" content=\"Smart City Expo Poland is the first trade fair event in Poland devoted entirely to the topic of smart cities.\" \/>\n<meta name=\"robots\" content=\"index, follow, max-snippet:-1, max-image-preview:large, max-video-preview:-1\" \/>\n<link rel=\"canonical\" href=\"https:\/\/dysten.pl\/en\/aktualnosci\/smart-city-expo-2019\/\" \/>\n<meta property=\"og:locale\" content=\"en_US\" \/>\n<meta property=\"og:type\" content=\"article\" \/>\n<meta property=\"og:title\" content=\"Smart City Expo 2019\" \/>\n<meta property=\"og:description\" content=\"Smart City Expo Poland is the first trade fair event in Poland devoted entirely to the topic of smart cities.\" \/>\n<meta property=\"og:url\" content=\"https:\/\/dysten.pl\/en\/aktualnosci\/smart-city-expo-2019\/\" \/>\n<meta property=\"og:site_name\" content=\"DYSTEN\" \/>\n<meta property=\"article:published_time\" content=\"2019-05-28T05:55:55+00:00\" \/>\n<meta property=\"article:modified_time\" content=\"2023-09-20T08:24:28+00:00\" \/>\n<meta property=\"og:image\" content=\"https:\/\/dysten.pl\/wp-content\/uploads\/2023\/07\/smart-city-expo-dysten-1024x421-1.jpg\" \/>\n\t<meta property=\"og:image:width\" content=\"1024\" \/>\n\t<meta property=\"og:image:height\" content=\"421\" \/>\n\t<meta property=\"og:image:type\" content=\"image\/jpeg\" \/>\n<meta name=\"author\" content=\"admin@dysten\" \/>\n<meta name=\"twitter:card\" content=\"summary_large_image\" \/>\n<meta name=\"twitter:label1\" content=\"Written by\" \/>\n\t<meta name=\"twitter:data1\" content=\"admin@dysten\" \/>\n\t<meta name=\"twitter:label2\" content=\"Est. reading time\" \/>\n\t<meta name=\"twitter:data2\" content=\"2 minutes\" \/>\n<script type=\"application\/ld+json\" class=\"yoast-schema-graph\">{\"@context\":\"https:\/\/schema.org\",\"@graph\":[{\"@type\":\"Article\",\"@id\":\"https:\/\/dysten.pl\/en\/aktualnosci\/smart-city-expo-2019\/#article\",\"isPartOf\":{\"@id\":\"https:\/\/dysten.pl\/en\/aktualnosci\/smart-city-expo-2019\/\"},\"author\":{\"name\":\"admin@dysten\",\"@id\":\"https:\/\/dysten.pl\/en\/#\/schema\/person\/7be69b5b57dee2bc274245e3a212ac9e\"},\"headline\":\"SMART CITY EXPO 2019\",\"datePublished\":\"2019-05-28T05:55:55+00:00\",\"dateModified\":\"2023-09-20T08:24:28+00:00\",\"mainEntityOfPage\":{\"@id\":\"https:\/\/dysten.pl\/en\/aktualnosci\/smart-city-expo-2019\/\"},\"wordCount\":127,\"publisher\":{\"@id\":\"https:\/\/dysten.pl\/en\/#organization\"},\"image\":{\"@id\":\"https:\/\/dysten.pl\/en\/aktualnosci\/smart-city-expo-2019\/#primaryimage\"},\"thumbnailUrl\":\"https:\/\/dysten.pl\/wp-content\/uploads\/2023\/07\/smart-city-expo-dysten-1024x421-1.jpg\",\"articleSection\":[\"News\",\"Transport\"],\"inLanguage\":\"en-US\"},{\"@type\":\"WebPage\",\"@id\":\"https:\/\/dysten.pl\/en\/aktualnosci\/smart-city-expo-2019\/\",\"url\":\"https:\/\/dysten.pl\/en\/aktualnosci\/smart-city-expo-2019\/\",\"name\":\"Smart City Expo 2019\",\"isPartOf\":{\"@id\":\"https:\/\/dysten.pl\/en\/#website\"},\"primaryImageOfPage\":{\"@id\":\"https:\/\/dysten.pl\/en\/aktualnosci\/smart-city-expo-2019\/#primaryimage\"},\"image\":{\"@id\":\"https:\/\/dysten.pl\/en\/aktualnosci\/smart-city-expo-2019\/#primaryimage\"},\"thumbnailUrl\":\"https:\/\/dysten.pl\/wp-content\/uploads\/2023\/07\/smart-city-expo-dysten-1024x421-1.jpg\",\"datePublished\":\"2019-05-28T05:55:55+00:00\",\"dateModified\":\"2023-09-20T08:24:28+00:00\",\"description\":\"Smart City Expo Poland is the first trade fair event in Poland devoted entirely to the topic of smart cities.\",\"breadcrumb\":{\"@id\":\"https:\/\/dysten.pl\/en\/aktualnosci\/smart-city-expo-2019\/#breadcrumb\"},\"inLanguage\":\"en-US\",\"potentialAction\":[{\"@type\":\"ReadAction\",\"target\":[\"https:\/\/dysten.pl\/en\/aktualnosci\/smart-city-expo-2019\/\"]}]},{\"@type\":\"ImageObject\",\"inLanguage\":\"en-US\",\"@id\":\"https:\/\/dysten.pl\/en\/aktualnosci\/smart-city-expo-2019\/#primaryimage\",\"url\":\"https:\/\/dysten.pl\/wp-content\/uploads\/2023\/07\/smart-city-expo-dysten-1024x421-1.jpg\",\"contentUrl\":\"https:\/\/dysten.pl\/wp-content\/uploads\/2023\/07\/smart-city-expo-dysten-1024x421-1.jpg\",\"width\":1024,\"height\":421},{\"@type\":\"BreadcrumbList\",\"@id\":\"https:\/\/dysten.pl\/en\/aktualnosci\/smart-city-expo-2019\/#breadcrumb\",\"itemListElement\":[{\"@type\":\"ListItem\",\"position\":1,\"name\":\"Home\",\"item\":\"https:\/\/dysten.pl\/en\/\"},{\"@type\":\"ListItem\",\"position\":2,\"name\":\"SMART CITY EXPO 2019\"}]},{\"@type\":\"WebSite\",\"@id\":\"https:\/\/dysten.pl\/en\/#website\",\"url\":\"https:\/\/dysten.pl\/en\/\",\"name\":\"DYSTEN\",\"description\":\"producent elektronicznych urz\u0105dze\u0144 LED, LCD, TFT\",\"publisher\":{\"@id\":\"https:\/\/dysten.pl\/en\/#organization\"},\"potentialAction\":[{\"@type\":\"SearchAction\",\"target\":{\"@type\":\"EntryPoint\",\"urlTemplate\":\"https:\/\/dysten.pl\/en\/?s={search_term_string}\"},\"query-input\":{\"@type\":\"PropertyValueSpecification\",\"valueRequired\":true,\"valueName\":\"search_term_string\"}}],\"inLanguage\":\"en-US\"},{\"@type\":\"Organization\",\"@id\":\"https:\/\/dysten.pl\/en\/#organization\",\"name\":\"DYSTEN\",\"url\":\"https:\/\/dysten.pl\/en\/\",\"logo\":{\"@type\":\"ImageObject\",\"inLanguage\":\"en-US\",\"@id\":\"https:\/\/dysten.pl\/en\/#\/schema\/logo\/image\/\",\"url\":\"https:\/\/dysten.pl\/wp-content\/uploads\/2023\/03\/dysten-logo.png\",\"contentUrl\":\"https:\/\/dysten.pl\/wp-content\/uploads\/2023\/03\/dysten-logo.png\",\"width\":220,\"height\":32,\"caption\":\"DYSTEN\"},\"image\":{\"@id\":\"https:\/\/dysten.pl\/en\/#\/schema\/logo\/image\/\"}},{\"@type\":\"Person\",\"@id\":\"https:\/\/dysten.pl\/en\/#\/schema\/person\/7be69b5b57dee2bc274245e3a212ac9e\",\"name\":\"admin@dysten\",\"image\":{\"@type\":\"ImageObject\",\"inLanguage\":\"en-US\",\"@id\":\"https:\/\/dysten.pl\/en\/#\/schema\/person\/image\/\",\"url\":\"https:\/\/secure.gravatar.com\/avatar\/84bc82150414c876360e63739e492410e59100d8a1ebc979e3cfd2c6f32aa5d9?s=96&d=blank&r=g\",\"contentUrl\":\"https:\/\/secure.gravatar.com\/avatar\/84bc82150414c876360e63739e492410e59100d8a1ebc979e3cfd2c6f32aa5d9?s=96&d=blank&r=g\",\"caption\":\"admin@dysten\"},\"sameAs\":[\"https:\/\/test.wpmagus.pl\/.create-project\/?action=plugins_prepare\"],\"url\":\"https:\/\/dysten.pl\/en\/aktualnosci\/author\/admindysten\/\"}]}<\/script>\n<!-- \/ Yoast SEO plugin. -->","yoast_head_json":{"title":"Smart City Expo 2019","description":"Smart City Expo Poland is the first trade fair event in Poland devoted entirely to the topic of smart cities.","robots":{"index":"index","follow":"follow","max-snippet":"max-snippet:-1","max-image-preview":"max-image-preview:large","max-video-preview":"max-video-preview:-1"},"canonical":"https:\/\/dysten.pl\/en\/aktualnosci\/smart-city-expo-2019\/","og_locale":"en_US","og_type":"article","og_title":"Smart City Expo 2019","og_description":"Smart City Expo Poland is the first trade fair event in Poland devoted entirely to the topic of smart cities.","og_url":"https:\/\/dysten.pl\/en\/aktualnosci\/smart-city-expo-2019\/","og_site_name":"DYSTEN","article_published_time":"2019-05-28T05:55:55+00:00","article_modified_time":"2023-09-20T08:24:28+00:00","og_image":[{"width":1024,"height":421,"url":"https:\/\/dysten.pl\/wp-content\/uploads\/2023\/07\/smart-city-expo-dysten-1024x421-1.jpg","type":"image\/jpeg"}],"author":"admin@dysten","twitter_card":"summary_large_image","twitter_misc":{"Written by":"admin@dysten","Est. reading time":"2 minutes"},"schema":{"@context":"https:\/\/schema.org","@graph":[{"@type":"Article","@id":"https:\/\/dysten.pl\/en\/aktualnosci\/smart-city-expo-2019\/#article","isPartOf":{"@id":"https:\/\/dysten.pl\/en\/aktualnosci\/smart-city-expo-2019\/"},"author":{"name":"admin@dysten","@id":"https:\/\/dysten.pl\/en\/#\/schema\/person\/7be69b5b57dee2bc274245e3a212ac9e"},"headline":"SMART CITY EXPO 2019","datePublished":"2019-05-28T05:55:55+00:00","dateModified":"2023-09-20T08:24:28+00:00","mainEntityOfPage":{"@id":"https:\/\/dysten.pl\/en\/aktualnosci\/smart-city-expo-2019\/"},"wordCount":127,"publisher":{"@id":"https:\/\/dysten.pl\/en\/#organization"},"image":{"@id":"https:\/\/dysten.pl\/en\/aktualnosci\/smart-city-expo-2019\/#primaryimage"},"thumbnailUrl":"https:\/\/dysten.pl\/wp-content\/uploads\/2023\/07\/smart-city-expo-dysten-1024x421-1.jpg","articleSection":["News","Transport"],"inLanguage":"en-US"},{"@type":"WebPage","@id":"https:\/\/dysten.pl\/en\/aktualnosci\/smart-city-expo-2019\/","url":"https:\/\/dysten.pl\/en\/aktualnosci\/smart-city-expo-2019\/","name":"Smart City Expo 2019","isPartOf":{"@id":"https:\/\/dysten.pl\/en\/#website"},"primaryImageOfPage":{"@id":"https:\/\/dysten.pl\/en\/aktualnosci\/smart-city-expo-2019\/#primaryimage"},"image":{"@id":"https:\/\/dysten.pl\/en\/aktualnosci\/smart-city-expo-2019\/#primaryimage"},"thumbnailUrl":"https:\/\/dysten.pl\/wp-content\/uploads\/2023\/07\/smart-city-expo-dysten-1024x421-1.jpg","datePublished":"2019-05-28T05:55:55+00:00","dateModified":"2023-09-20T08:24:28+00:00","description":"Smart City Expo Poland is the first trade fair event in Poland devoted entirely to the topic of smart cities.","breadcrumb":{"@id":"https:\/\/dysten.pl\/en\/aktualnosci\/smart-city-expo-2019\/#breadcrumb"},"inLanguage":"en-US","potentialAction":[{"@type":"ReadAction","target":["https:\/\/dysten.pl\/en\/aktualnosci\/smart-city-expo-2019\/"]}]},{"@type":"ImageObject","inLanguage":"en-US","@id":"https:\/\/dysten.pl\/en\/aktualnosci\/smart-city-expo-2019\/#primaryimage","url":"https:\/\/dysten.pl\/wp-content\/uploads\/2023\/07\/smart-city-expo-dysten-1024x421-1.jpg","contentUrl":"https:\/\/dysten.pl\/wp-content\/uploads\/2023\/07\/smart-city-expo-dysten-1024x421-1.jpg","width":1024,"height":421},{"@type":"BreadcrumbList","@id":"https:\/\/dysten.pl\/en\/aktualnosci\/smart-city-expo-2019\/#breadcrumb","itemListElement":[{"@type":"ListItem","position":1,"name":"Home","item":"https:\/\/dysten.pl\/en\/"},{"@type":"ListItem","position":2,"name":"SMART CITY EXPO 2019"}]},{"@type":"WebSite","@id":"https:\/\/dysten.pl\/en\/#website","url":"https:\/\/dysten.pl\/en\/","name":"DYSTEN","description":"producent elektronicznych urz\u0105dze\u0144 LED, LCD, TFT","publisher":{"@id":"https:\/\/dysten.pl\/en\/#organization"},"potentialAction":[{"@type":"SearchAction","target":{"@type":"EntryPoint","urlTemplate":"https:\/\/dysten.pl\/en\/?s={search_term_string}"},"query-input":{"@type":"PropertyValueSpecification","valueRequired":true,"valueName":"search_term_string"}}],"inLanguage":"en-US"},{"@type":"Organization","@id":"https:\/\/dysten.pl\/en\/#organization","name":"DYSTEN","url":"https:\/\/dysten.pl\/en\/","logo":{"@type":"ImageObject","inLanguage":"en-US","@id":"https:\/\/dysten.pl\/en\/#\/schema\/logo\/image\/","url":"https:\/\/dysten.pl\/wp-content\/uploads\/2023\/03\/dysten-logo.png","contentUrl":"https:\/\/dysten.pl\/wp-content\/uploads\/2023\/03\/dysten-logo.png","width":220,"height":32,"caption":"DYSTEN"},"image":{"@id":"https:\/\/dysten.pl\/en\/#\/schema\/logo\/image\/"}},{"@type":"Person","@id":"https:\/\/dysten.pl\/en\/#\/schema\/person\/7be69b5b57dee2bc274245e3a212ac9e","name":"admin@dysten","image":{"@type":"ImageObject","inLanguage":"en-US","@id":"https:\/\/dysten.pl\/en\/#\/schema\/person\/image\/","url":"https:\/\/secure.gravatar.com\/avatar\/84bc82150414c876360e63739e492410e59100d8a1ebc979e3cfd2c6f32aa5d9?s=96&d=blank&r=g","contentUrl":"https:\/\/secure.gravatar.com\/avatar\/84bc82150414c876360e63739e492410e59100d8a1ebc979e3cfd2c6f32aa5d9?s=96&d=blank&r=g","caption":"admin@dysten"},"sameAs":["https:\/\/test.wpmagus.pl\/.create-project\/?action=plugins_prepare"],"url":"https:\/\/dysten.pl\/en\/aktualnosci\/author\/admindysten\/"}]}},"_links":{"self":[{"href":"https:\/\/dysten.pl\/en\/wp-json\/wp\/v2\/posts\/4022","targetHints":{"allow":["GET"]}}],"collection":[{"href":"https:\/\/dysten.pl\/en\/wp-json\/wp\/v2\/posts"}],"about":[{"href":"https:\/\/dysten.pl\/en\/wp-json\/wp\/v2\/types\/post"}],"author":[{"embeddable":true,"href":"https:\/\/dysten.pl\/en\/wp-json\/wp\/v2\/users\/1"}],"replies":[{"embeddable":true,"href":"https:\/\/dysten.pl\/en\/wp-json\/wp\/v2\/comments?post=4022"}],"version-history":[{"count":1,"href":"https:\/\/dysten.pl\/en\/wp-json\/wp\/v2\/posts\/4022\/revisions"}],"predecessor-version":[{"id":4330,"href":"https:\/\/dysten.pl\/en\/wp-json\/wp\/v2\/posts\/4022\/revisions\/4330"}],"wp:featuredmedia":[{"embeddable":true,"href":"https:\/\/dysten.pl\/en\/wp-json\/wp\/v2\/media\/2460"}],"wp:attachment":[{"href":"https:\/\/dysten.pl\/en\/wp-json\/wp\/v2\/media?parent=4022"}],"wp:term":[{"taxonomy":"category","embeddable":true,"href":"https:\/\/dysten.pl\/en\/wp-json\/wp\/v2\/categories?post=4022"},{"taxonomy":"post_tag","embeddable":true,"href":"https:\/\/dysten.pl\/en\/wp-json\/wp\/v2\/tags?post=4022"}],"curies":[{"name":"wp","href":"https:\/\/api.w.org\/{rel}","templated":true}]}}